{"id":401,"date":"2020-03-26T19:42:00","date_gmt":"2020-03-26T18:42:00","guid":{"rendered":"http:\/\/apedys35.org\/?p=401"},"modified":"2022-04-18T14:33:27","modified_gmt":"2022-04-18T12:33:27","slug":"covid-19-coronavirus-a-qui-sadresser-quel-soutien","status":"publish","type":"post","link":"https:\/\/apedys35.org\/index.php\/2020\/03\/26\/covid-19-coronavirus-a-qui-sadresser-quel-soutien\/","title":{"rendered":"Covid-19 (coronavirus) : A qui s\u2019adresser ? Quel soutien\u00a0?"},"content":{"rendered":"\n<p><br>Voici ci-dessous une liste des num\u00e9ros et contacts utiles en ces temps de confinement.<\/p>\n\n\n\n<h1 class=\"wp-block-heading\">Plateforme t\u00e9l\u00e9phonique Autisme Info Service<\/h1>\n\n\n\n<p>Une plateforme d\u2019\u00e9coute t\u00e9l\u00e9phonique renforc\u00e9e est mise en place pour soutenir les familles et personnes adultes autistes pendant la p\u00e9riode de confinement. Des professionnels r\u00e9pondent gratuitement \u00e0 ces probl\u00e9matiques in\u00e9dites via Autisme Info Service (0 800 71 40 40).<\/p>\n\n\n\n<p><a href=\"https:\/\/www.autismeinfoservice.fr\/contact\">https:\/\/www.autismeinfoservice.fr\/contact<\/a><\/p>\n\n\n\n<h1 class=\"wp-block-heading\">Foire aux questions autisme<\/h1>\n\n\n\n<p>Retrouvez la Foire aux questions \u00e9labor\u00e9e par le Groupement national des centres de ressource autisme avec l\u2019appui de la D\u00e9l\u00e9gation interminist\u00e9rielle \u00e0 la strat\u00e9gie nationale pour l\u2019autisme au sein des troubles du neuro-d\u00e9veloppement.<\/p>\n\n\n\n<figure class=\"wp-block-embed is-type-wp-embed is-provider-gncra wp-block-embed-gncra\"><div class=\"wp-block-embed__wrapper\">\n<blockquote class=\"wp-embedded-content\" data-secret=\"PK3DUU3VgP\"><a href=\"https:\/\/gncra.fr\/covid-19-et-tsa-faq\/\">Covid-19 &#038; Autisme : FAQ<\/a><\/blockquote><iframe loading=\"lazy\" class=\"wp-embedded-content\" sandbox=\"allow-scripts\" security=\"restricted\" style=\"position: absolute; clip: rect(1px, 1px, 1px, 1px);\" title=\"\u00ab\u00a0Covid-19 &#038; Autisme : FAQ\u00a0\u00bb &#8212; GNCRA\" src=\"https:\/\/gncra.fr\/covid-19-et-tsa-faq\/embed\/#?secret=5Lu0RU8YRr#?secret=PK3DUU3VgP\" data-secret=\"PK3DUU3VgP\" width=\"600\" height=\"338\" frameborder=\"0\" marginwidth=\"0\" marginheight=\"0\" scrolling=\"no\"><\/iframe>\n<\/div><\/figure>\n\n\n\n<h1 class=\"wp-block-heading\">Psycom : sant\u00e9 mentale<\/h1>\n\n\n\n<p>Le Psycom a recens\u00e9 sur son site des ressources pour prendre soin de notre sant\u00e9 mentale et de celle des autres, difficult\u00e9 pour supporter le confinement particuli\u00e8rement pour les adolescentset en appartement.<\/p>\n\n\n\n<p><a href=\"http:\/\/www.psycom.org\/Espace-Presse\/Actualites-du-Psycom\/Epidemie-et-confinement-ressources-utiles-pour-notre-sante-mentale\" target=\"_blank\" rel=\"noreferrer noopener\">http:\/\/www.psycom.org\/Espace-Presse\/Actualites-du-Psycom\/Epidemie-et-confinement-ressources-utiles-pour-notre-sante-mentale<\/a><\/p>\n\n\n\n<h1 class=\"wp-block-heading\">Plateforme t\u00e9l\u00e9phonique tous handicaps<\/h1>\n\n\n\n<p>La f\u00e9d\u00e9ration Grandir Ensemble a ouvert une plateforme gratuite au b\u00e9n\u00e9fice des familles. Ces derni\u00e8res peuvent contacter une \u00e9quipe de dix \u00e9ducateurs via un num\u00e9ro vert (0 805 035 800) du lundi au samedi, de 9h \u00e0 12h et de 14h \u00e0 17h, ou remplir un formulaire en ligne pour faire part de leurs besoins. Les familles ont ainsi la possibilit\u00e9 de demander des moments de r\u00e9pit avec l\u2019intervention de professionnels habilit\u00e9s \u00e0 leur domicile, l\u2019aide de volontaires pour faire leurs courses de premi\u00e8re n\u00e9cessit\u00e9 ou encore un temps d\u2019\u00e9coute ou de conseil \u00e9ducatif \u00e0 distance pour surmonter les phases plus difficiles.<\/p>\n\n\n\n<figure class=\"wp-block-embed is-type-wp-embed is-provider-grandir-ensemble wp-block-embed-grandir-ensemble\"><div class=\"wp-block-embed__wrapper\">\n<blockquote class=\"wp-embedded-content\" data-secret=\"eRVI6UBkdH\"><a href=\"https:\/\/www.grandir-ensemble.com\/\">Grandir Ensemble, handicap et familles<\/a><\/blockquote><iframe loading=\"lazy\" class=\"wp-embedded-content\" sandbox=\"allow-scripts\" security=\"restricted\" style=\"position: absolute; clip: rect(1px, 1px, 1px, 1px);\" title=\"\u00ab\u00a0Grandir Ensemble, handicap et familles\u00a0\u00bb &#8212; GRANDIR ENSEMBLE\" src=\"https:\/\/www.grandir-ensemble.com\/embed\/#?secret=eRVI6UBkdH\" data-secret=\"eRVI6UBkdH\" width=\"600\" height=\"338\" frameborder=\"0\" marginwidth=\"0\" marginheight=\"0\" scrolling=\"no\"><\/iframe>\n<\/div><\/figure>\n\n\n\n<h1 class=\"wp-block-heading\">Joindre son \u00e9tablissement ou service m\u00e9dico-social<\/h1>\n\n\n\n<p>Comment joindre l\u2019\u00e9tablissement et le service m\u00e9dico-social qui accompagne habituellement mon enfant ? Chaque direction met en place un num\u00e9ro d\u2019astreinte joignable 7 jours sur 7 \u00e0 l\u2019attention de l\u2019autorit\u00e9 de tutelle et des familles. Chaque direction a la responsabilit\u00e9 de donner l\u2019information expresse aux personnes et aux familles du num\u00e9ro qui peut \u00eatre joint \u00e0 tout moment en cas de difficult\u00e9. Il appartient \u00e0 chaque organisme gestionnaire d\u2019organiser les modalit\u00e9s de mise en place de l\u2019astreinte (possibilit\u00e9 d\u2019une premi\u00e8re ligne et d\u2019une seconde ligne) et de susciter le cas \u00e9ch\u00e9ant une coop\u00e9ration entre op\u00e9rateurs pour un num\u00e9ro d\u2019appel unique \u00e0 l\u2019attention des personnes et des familles.<\/p>\n\n\n\n<h1 class=\"wp-block-heading\">Foire aux questions handicap<\/h1>\n\n\n\n<p>Pour les adultes et enfants en situation de handicap, la famille et les proches aidants, les professionnels m\u00e9dico-sociaux, une page apportant toutes les r\u00e9ponses aux questions pos\u00e9es par les personnes concern\u00e9es est propos\u00e9e par le secr\u00e9tariat d\u2019Etat au Handicap, mise \u00e0 jour chaque jour.<\/p>\n\n\n\n<p><a href=\"https:\/\/handicap.gouv.fr\/grands-dossiers\/coronavirus\/article\/foire-aux-questions\">https:\/\/handicap.gouv.fr\/grands-dossiers\/coronavirus\/article\/foire-aux-questions<\/a><\/p>\n\n\n\n<p>Apr\u00e8s plusieurs jours de confinement, des interrogations \u00e9mergent en cas de handicap. Pour y r\u00e9pondre, le gouvernement publie des questions-r\u00e9ponses sur diverses th\u00e9matiques : emploi, accueil \u00e0 domicile, t\u00e9l\u00e9travail\u2026 Handicap.fr les recense dans un article mis \u00e0 jour chaque jour et publi\u00e9 sur la page d\u2019accueil.<\/p>\n\n\n\n<p><a href=\"https:\/\/informations.handicap.fr\/a-covid-19-toutes-les-reponses-cas-de-handicap-12732.php\">https:\/\/informations.handicap.fr\/a-covid-19-toutes-les-reponses-cas-de-handicap-12732.php<\/a><\/p>\n\n\n\n<h1 class=\"wp-block-heading\">Contacter sa MDPH<\/h1>\n\n\n\n<p>Les maisons d\u00e9partementales des personnes handicap\u00e9es ayant ferm\u00e9 leurs portes, afin d\u2019assurer une continuit\u00e9 de r\u00e9ponses et \u00e9viter tout isolement, elles doivent mettre en place un accueil t\u00e9l\u00e9phonique renforc\u00e9 ; chaque MDPH est tenue de communiquer ce num\u00e9ro \u00e0 ses usagers ou de le pr\u00e9ciser sur son site internet, il est parfois identique \u00e0 celui du standard habituel.<\/p>\n\n\n\n<h1 class=\"wp-block-heading\">Ameli : arr\u00eat de travail<\/h1>\n\n\n\n<p>Vous \u00eates salari\u00e9 et devez vous arr\u00eater de travailler ou t\u00e9l\u00e9travailler pour garder votre enfant en situation de handicap ? Vous pouvez b\u00e9n\u00e9ficier d\u2019un arr\u00eat de travail sans jour de carence et sans condition d\u2019ouverture de droits. Votre employeur d\u00e9clare l\u2019arr\u00eat sur le site d\u00e9di\u00e9. L\u2019Assurance maladie g\u00e8re ensuite la mise en place des indemnit\u00e9s journali\u00e8res sans avoir besoin de revenir vers vous.<\/p>\n\n\n\n<p><a href=\"https:\/\/declare.ameli.fr\/\">https:\/\/declare.ameli.fr\/<\/a><\/p>\n\n\n\n<h1 class=\"wp-block-heading\">Contacter P\u00f4le emploi<\/h1>\n\n\n\n<p>Les agences P\u00f4le et Cap emploi ont ferm\u00e9 leurs portes mais des modalit\u00e9s d\u2019information, de suivi et d\u2019accompagnement \u00e0 distance (t\u00e9l\u00e9phone, mail, audioconf\u00e9rence) sont syst\u00e9matiquement mises en \u0153uvre afin d\u2019assurer la continuit\u00e9 du service, en lieu et place de l\u2019accueil physique. Dans ce contexte, il est demand\u00e9 aux usagers qui le peuvent de privil\u00e9gier l\u2019appel t\u00e9l\u00e9phonique ou les contacts par mail.<\/p>\n\n\n\n<h1 class=\"wp-block-heading\">119 : enfance en danger<\/h1>\n\n\n\n<p>Les mesures de confinement exposent certains mineurs aux violences intrafamiliales et conjugales de fa\u00e7on plus importante. Dans ce contexte, les possibilit\u00e9s de s\u2019extraire de ces situations par le biais de l\u2019\u00e9cole et des activit\u00e9s extrascolaires ou de se confier \u00e0 un tiers sont limit\u00e9es. Le 119, num\u00e9ro d\u2019appel pour l\u2019enfance en danger, continue \u00e0 \u00eatre joignable 24\/24 et 7j\/7 ; les appels d\u2019enfants restent prioritaires.<\/p>\n\n\n\n<h1 class=\"wp-block-heading\">Urgence isolement Croix-Rouge fran\u00e7aise<\/h1>\n\n\n\n<p>La Croix-Rouge fran\u00e7aise a renforc\u00e9 certaines de ses activit\u00e9s pour r\u00e9pondre \u00e0 l\u2019urgence sanitaire et sociale (secours, maraudes, centres d\u2019h\u00e9bergement pour sans-abri, distribution alimentaire). Elle compl\u00e8te aujourd\u2019hui sa r\u00e9ponse avec \u00ab Croix-Rouge chez vous \u00bb, un dispositif qui s\u2019adresse aux personnes vuln\u00e9rables confin\u00e9es en situation d\u2019isolement social. En appelant le 09 70 28 30 00*, disponible 7j\/7 de 8h \u00e0 20h, elles pourront b\u00e9n\u00e9ficier d\u2019une \u00e9coute et d\u2019un soutien psychologique, d\u2019informations sur la situation, mais aussi de la possibilit\u00e9 de commander des produits de premi\u00e8re n\u00e9cessit\u00e9 livr\u00e9s par des volontaires de la Croix-Rouge.<\/p>\n","protected":false},"excerpt":{"rendered":"<p>Voici ci-dessous une liste des num\u00e9ros et contacts utiles en ces temps de confinement. Plateforme t\u00e9l\u00e9phonique Autisme Info Service Une plateforme d\u2019\u00e9coute t\u00e9l\u00e9phonique renforc\u00e9e est mise en place pour soutenir&hellip; <a class=\"more-link\" href=\"https:\/\/apedys35.org\/index.php\/2020\/03\/26\/covid-19-coronavirus-a-qui-sadresser-quel-soutien\/\">Continue reading <span class=\"screen-reader-text\">Covid-19 (coronavirus) : A qui s\u2019adresser ? Quel soutien\u00a0?<\/span><\/a><\/p>\n","protected":false},"author":1,"featured_media":0,"comment_status":"closed","ping_status":"open","sticky":false,"template":"","format":"standard","meta":{"footnotes":""},"categories":[21],"tags":[],"class_list":["post-401","post","type-post","status-publish","format-standard","hentry","category-informations","entry"],"_links":{"self":[{"href":"https:\/\/apedys35.org\/index.php\/wp-json\/wp\/v2\/posts\/401","targetHints":{"allow":["GET"]}}],"collection":[{"href":"https:\/\/apedys35.org\/index.php\/wp-json\/wp\/v2\/posts"}],"about":[{"href":"https:\/\/apedys35.org\/index.php\/wp-json\/wp\/v2\/types\/post"}],"author":[{"embeddable":true,"href":"https:\/\/apedys35.org\/index.php\/wp-json\/wp\/v2\/users\/1"}],"replies":[{"embeddable":true,"href":"https:\/\/apedys35.org\/index.php\/wp-json\/wp\/v2\/comments?post=401"}],"version-history":[{"count":1,"href":"https:\/\/apedys35.org\/index.php\/wp-json\/wp\/v2\/posts\/401\/revisions"}],"predecessor-version":[{"id":402,"href":"https:\/\/apedys35.org\/index.php\/wp-json\/wp\/v2\/posts\/401\/revisions\/402"}],"wp:attachment":[{"href":"https:\/\/apedys35.org\/index.php\/wp-json\/wp\/v2\/media?parent=401"}],"wp:term":[{"taxonomy":"category","embeddable":true,"href":"https:\/\/apedys35.org\/index.php\/wp-json\/wp\/v2\/categories?post=401"},{"taxonomy":"post_tag","embeddable":true,"href":"https:\/\/apedys35.org\/index.php\/wp-json\/wp\/v2\/tags?post=401"}],"curies":[{"name":"wp","href":"https:\/\/api.w.org\/{rel}","templated":true}]}}