{"id":399,"date":"2020-05-06T19:41:00","date_gmt":"2020-05-06T17:41:00","guid":{"rendered":"http:\/\/apedys35.org\/?p=399"},"modified":"2022-04-18T14:33:11","modified_gmt":"2022-04-18T12:33:11","slug":"covid-19-coronavirus-les-effets-nefastes-du-confinement-chez-les-eleves-dys","status":"publish","type":"post","link":"https:\/\/apedys35.org\/index.php\/2020\/05\/06\/covid-19-coronavirus-les-effets-nefastes-du-confinement-chez-les-eleves-dys\/","title":{"rendered":"Covid-19 (coronavirus) : les effets n\u00e9fastes du confinement chez les \u00e9l\u00e8ves\u00a0DYS"},"content":{"rendered":"\n<p>Les chercheurs cognisciences sp\u00e9cialis\u00e9s dys de la soci\u00e9t\u00e9 softal (SOci\u00e9t\u00e9 Francophone des Troubles des Apprentissages et du Langage) \u00e9mettent des recommandations au ministre de la sant\u00e9 Olivier VERAN.<\/p>\n\n\n\n<figure class=\"wp-block-embed is-type-wp-embed is-provider-federation-francaise-des-dys wp-block-embed-federation-francaise-des-dys\"><div class=\"wp-block-embed__wrapper\">\n<blockquote class=\"wp-embedded-content\" data-secret=\"36LIENubab\"><a href=\"https:\/\/www.ffdys.com\/actualites\/la-softal-alerte-les-pouvoirs-publics-sur-les-effets-nefastes-du-confinement-chez-les-eleves-dys.htm\">La SOFTAL alerte les pouvoirs publics sur les effets n\u00e9fastes du confinement chez les \u00e9l\u00e8ves DYS.<\/a><\/blockquote><iframe loading=\"lazy\" class=\"wp-embedded-content\" sandbox=\"allow-scripts\" security=\"restricted\" style=\"position: absolute; clip: rect(1px, 1px, 1px, 1px);\" title=\"\u00ab\u00a0La SOFTAL alerte les pouvoirs publics sur les effets n\u00e9fastes du confinement chez les \u00e9l\u00e8ves DYS.\u00a0\u00bb &#8212; F\u00e9d\u00e9ration Fran\u00e7aise des DYS\" src=\"https:\/\/www.ffdys.com\/actualites\/la-softal-alerte-les-pouvoirs-publics-sur-les-effets-nefastes-du-confinement-chez-les-eleves-dys.htm\/embed#?secret=rAYM6vrcpL#?secret=36LIENubab\" data-secret=\"36LIENubab\" width=\"600\" height=\"338\" frameborder=\"0\" marginwidth=\"0\" marginheight=\"0\" scrolling=\"no\"><\/iframe>\n<\/div><\/figure>\n","protected":false},"excerpt":{"rendered":"<p>Les chercheurs cognisciences sp\u00e9cialis\u00e9s dys de la soci\u00e9t\u00e9 softal (SOci\u00e9t\u00e9 Francophone des Troubles des Apprentissages et du Langage) \u00e9mettent des recommandations au ministre de la sant\u00e9 Olivier VERAN.<\/p>\n","protected":false},"author":1,"featured_media":0,"comment_status":"closed","ping_status":"open","sticky":false,"template":"","format":"standard","meta":{"footnotes":""},"categories":[21],"tags":[],"class_list":["post-399","post","type-post","status-publish","format-standard","hentry","category-informations","entry"],"_links":{"self":[{"href":"https:\/\/apedys35.org\/index.php\/wp-json\/wp\/v2\/posts\/399","targetHints":{"allow":["GET"]}}],"collection":[{"href":"https:\/\/apedys35.org\/index.php\/wp-json\/wp\/v2\/posts"}],"about":[{"href":"https:\/\/apedys35.org\/index.php\/wp-json\/wp\/v2\/types\/post"}],"author":[{"embeddable":true,"href":"https:\/\/apedys35.org\/index.php\/wp-json\/wp\/v2\/users\/1"}],"replies":[{"embeddable":true,"href":"https:\/\/apedys35.org\/index.php\/wp-json\/wp\/v2\/comments?post=399"}],"version-history":[{"count":1,"href":"https:\/\/apedys35.org\/index.php\/wp-json\/wp\/v2\/posts\/399\/revisions"}],"predecessor-version":[{"id":400,"href":"https:\/\/apedys35.org\/index.php\/wp-json\/wp\/v2\/posts\/399\/revisions\/400"}],"wp:attachment":[{"href":"https:\/\/apedys35.org\/index.php\/wp-json\/wp\/v2\/media?parent=399"}],"wp:term":[{"taxonomy":"category","embeddable":true,"href":"https:\/\/apedys35.org\/index.php\/wp-json\/wp\/v2\/categories?post=399"},{"taxonomy":"post_tag","embeddable":true,"href":"https:\/\/apedys35.org\/index.php\/wp-json\/wp\/v2\/tags?post=399"}],"curies":[{"name":"wp","href":"https:\/\/api.w.org\/{rel}","templated":true}]}}