{"id":129,"date":"2020-03-13T13:02:00","date_gmt":"2020-03-13T12:02:00","guid":{"rendered":"http:\/\/apedys35.org\/?p=129"},"modified":"2022-04-13T13:04:09","modified_gmt":"2022-04-13T11:04:09","slug":"covid-19-coronavirus-prorogations-en-fin-de-droits-aah-et-aeeh-pour-6-mois","status":"publish","type":"post","link":"https:\/\/apedys35.org\/index.php\/2020\/03\/13\/covid-19-coronavirus-prorogations-en-fin-de-droits-aah-et-aeeh-pour-6-mois\/","title":{"rendered":"Covid-19 (coronavirus) : Prorogations en fin de droits AAH et AEEH pour 6\u00a0mois"},"content":{"rendered":"\n<p>La secr\u00e9taire d\u2019Etat aupr\u00e8s du ministre de la Sant\u00e9, Christelle Dubos, se veut \u00ab tr\u00e8s claire \u00bb.<\/p>\n\n\n\n<p>Dans une vid\u00e9o dat\u00e9e du 20 mars 2020 au matin, mise en ligne sur son compte Twitter, elle annonce le maintien des aides sociales (prime d\u2019activit\u00e9, AAH, RSA, RSO\u2026) qui seront vers\u00e9es automatiquement par les CAF et la MSA pour le r\u00e9gime agricole (lire ci-dessous).<\/p>\n\n\n\n<p>La ministre dit \u00ab vouloir rassurer les personnes qui s\u2019inqui\u00e8tent \u00bb, notamment \u00ab celles qui n\u2019ont pas acc\u00e8s \u00e0 internet et ne peuvent pas faire leur d\u00e9claration trimestrielle \u00bb, \u00ab toutes les prestations seront vers\u00e9es automatiquement sans rupture de droit \u00bb. Mesure confirm\u00e9e par le gouvernement dans un communiqu\u00e9, ces dispositions devant \u00eatre \u00ab vot\u00e9es en application du Projet de loi d\u2019urgence pr\u00e9sent\u00e9 au Parlement cette semaine \u00bb.<\/p>\n\n\n\n<p>Ce dispositif mis en place par les CAF permettra la continuit\u00e9 des droits pour celles et ceux qui en ont besoin.<\/p>\n\n\n\n<h2 class=\"wp-block-heading\">Prorogations en fin de droits<\/h2>\n\n\n\n<p>Par ailleurs, les droits \u00e0 l\u2019allocation adulte handicap\u00e9 (AAH) et \u00e0 l\u2019allocation d\u2019\u00e9ducation de l\u2019enfant handicap\u00e9 (AEEH) qui arriveraient \u00e0 \u00e9ch\u00e9ance seront automatiquement prorog\u00e9s de six mois. De la m\u00eame mani\u00e8re, les droits \u00e0 la compl\u00e9mentaire sant\u00e9 solidaire et de l\u2019aide au paiement d\u2019une assurance compl\u00e9mentaire de sant\u00e9 dont le b\u00e9n\u00e9fice expirera au cours des prochains mois seront prolong\u00e9s de 3 mois.<\/p>\n\n\n\n<p>Quant aux aides au logement, elles seront automatiquement maintenues.<\/p>\n\n\n\n<p>La CNAF (caisse nationale d\u2019allocations familiales) assure qu\u2019elle ne \u00ab manquera pas d\u2019informer l\u2019ensemble de ses allocataires sur cette disposition importante dans les prochaines heures \u00bb.<\/p>\n\n\n\n<h2 class=\"wp-block-heading\">O\u00f9 se renseigner ?<\/h2>\n\n\n\n<p>Pour \u00e9viter la propagation du coronavirus, les lieux d\u2019accueil physiques des CAF sont ferm\u00e9s. Selon la situation de chaque d\u00e9partement, elles peuvent vous recevoir sur rendez-vous, vous proposer un entretien par t\u00e9l\u00e9phone ou par visio-conf\u00e9rence. La CNAF mentionne que \u00ab ces solutions sont susceptibles d\u2019\u00e9voluer \u00bb.<\/p>\n\n\n\n<p>Pour conna\u00eetre pr\u00e9cis\u00e9ment les modalit\u00e9s d\u2019accueil de chaque caisse, privil\u00e9giez le site internet ou l\u2019application mobile, et le t\u00e9l\u00e9phone seulement \u00ab en cas d\u2019urgence \u00bb.<\/p>\n\n\n\n<h2 class=\"wp-block-heading\">MSA : pas de changement<\/h2>\n\n\n\n<p>M\u00eame engagement du c\u00f4t\u00e9 de la MSA (Mutualit\u00e9 sociale agricole) qui assure mettre en \u0153uvre des \u00ab mesures exceptionnelles \u00bb pour que les prestations \u00ab soient vers\u00e9es dans les conditions habituelles malgr\u00e9 une situation complexe \u00bb et \u00ab sans d\u00e9lai suppl\u00e9mentaire \u00bb.<\/p>\n\n\n\n<p>\u00ab Nous avons une attention particuli\u00e8re pour nos adh\u00e9rents les plus fragiles, a d\u00e9clar\u00e9 Fran\u00e7ois-Emmanuel Blanc, le directeur g\u00e9n\u00e9ral de la Caisse centrale de la MSA. Notamment ceux dont les revenus de remplacement -les indemnit\u00e9s journali\u00e8res, les cong\u00e9s maternit\u00e9, paternit\u00e9, les retraites, le revenu de solidarit\u00e9 active, la prime d\u2019activit\u00e9, l\u2019allocation aux adultes handicap\u00e9s- sont les seules r\u00e9mun\u00e9rations \u00bb. Il promet que le 9 avril, comme tous les mois, \u00ab ce sont 3,3 millions de pensions qui seront pay\u00e9es \u00e0 nos retrait\u00e9s agricoles \u00bb.<\/p>\n\n\n\n<p>Un accueil t\u00e9l\u00e9phonique minimum est assur\u00e9, notamment pour accompagner les assur\u00e9s en situation de fragilit\u00e9s ou r\u00e9pondre aux situations urgentes.<\/p>\n\n\n\n<p><a href=\"https:\/\/informations.handicap.fr\/\" target=\"_blank\" rel=\"noreferrer noopener\">https:\/\/informations.handicap.fr\/<\/a><\/p>\n","protected":false},"excerpt":{"rendered":"<p>La secr\u00e9taire d\u2019Etat aupr\u00e8s du ministre de la Sant\u00e9, Christelle Dubos, se veut \u00ab tr\u00e8s claire \u00bb. Dans une vid\u00e9o dat\u00e9e du 20 mars 2020 au matin, mise en ligne&hellip; <a class=\"more-link\" href=\"https:\/\/apedys35.org\/index.php\/2020\/03\/13\/covid-19-coronavirus-prorogations-en-fin-de-droits-aah-et-aeeh-pour-6-mois\/\">Continue reading <span class=\"screen-reader-text\">Covid-19 (coronavirus) : Prorogations en fin de droits AAH et AEEH pour 6\u00a0mois<\/span><\/a><\/p>\n","protected":false},"author":1,"featured_media":0,"comment_status":"open","ping_status":"open","sticky":false,"template":"","format":"standard","meta":{"footnotes":""},"categories":[28,5,7],"tags":[34,19,33],"class_list":["post-129","post","type-post","status-publish","format-standard","hentry","category-adultes","category-demarches","category-vers-la-mdph","tag-aah","tag-aeeh","tag-covid19","entry"],"_links":{"self":[{"href":"https:\/\/apedys35.org\/index.php\/wp-json\/wp\/v2\/posts\/129","targetHints":{"allow":["GET"]}}],"collection":[{"href":"https:\/\/apedys35.org\/index.php\/wp-json\/wp\/v2\/posts"}],"about":[{"href":"https:\/\/apedys35.org\/index.php\/wp-json\/wp\/v2\/types\/post"}],"author":[{"embeddable":true,"href":"https:\/\/apedys35.org\/index.php\/wp-json\/wp\/v2\/users\/1"}],"replies":[{"embeddable":true,"href":"https:\/\/apedys35.org\/index.php\/wp-json\/wp\/v2\/comments?post=129"}],"version-history":[{"count":1,"href":"https:\/\/apedys35.org\/index.php\/wp-json\/wp\/v2\/posts\/129\/revisions"}],"predecessor-version":[{"id":130,"href":"https:\/\/apedys35.org\/index.php\/wp-json\/wp\/v2\/posts\/129\/revisions\/130"}],"wp:attachment":[{"href":"https:\/\/apedys35.org\/index.php\/wp-json\/wp\/v2\/media?parent=129"}],"wp:term":[{"taxonomy":"category","embeddable":true,"href":"https:\/\/apedys35.org\/index.php\/wp-json\/wp\/v2\/categories?post=129"},{"taxonomy":"post_tag","embeddable":true,"href":"https:\/\/apedys35.org\/index.php\/wp-json\/wp\/v2\/tags?post=129"}],"curies":[{"name":"wp","href":"https:\/\/api.w.org\/{rel}","templated":true}]}}